[{"@context":"https:\/\/schema.org\/","@type":"Article","@id":"https:\/\/www.littlecarp.cz\/ceska-architektura\/#Article","mainEntityOfPage":"https:\/\/www.littlecarp.cz\/ceska-architektura\/","headline":"\u010cesk\u00e1 architektura","name":"\u010cesk\u00e1 architektura","description":"&#13; Po cel\u00e9 \u010cesk\u00e9 republice m\u016f\u017eete naj\u00edt mnoho p\u0159ekr\u00e1sn\u00fdch pam\u00e1tek. Nejv\u00edce se u n\u00e1s uplatnila Rom\u00e1nsk\u00e1 kultura, gotika, baroko \u010di secese.&#13; Rom\u00e1nsk\u00fd sloh najdete p\u0159ev\u00e1\u017en\u011b v na\u0161em hlavn\u00edm m\u011bst\u011b Praze. P\u0159\u00edkladn\u00fdmi stavbami jsou nap\u0159\u00edklad Rotunda svat\u00e9ho Martina \u010di Rotunda svat\u00e9ho K\u0159\u00ed\u017ee.&#13; Gotika se za\u010dala vytv\u00e1\u0159et ji\u017e v roce 1233. Ve stylu gotiky je nap\u0159\u00edklad postaven [&hellip;]","datePublished":"2017-09-09","dateModified":"2023-07-14","author":{"@type":"Person","@id":"https:\/\/www.littlecarp.cz\/author\/#Person","name":"littlecarp.cz\n","url":"https:\/\/www.littlecarp.cz\/author\/","identifier":1,"image":{"@type":"ImageObject","@id":"https:\/\/secure.gravatar.com\/avatar\/a414941ff2b86a79f1a70a433f21d60df00047fefe742a46b6fded139881a475?s=96&d=mm&r=g","url":"https:\/\/secure.gravatar.com\/avatar\/a414941ff2b86a79f1a70a433f21d60df00047fefe742a46b6fded139881a475?s=96&d=mm&r=g","height":96,"width":96}},"publisher":{"@type":"Organization","name":"littlecarp.cz","logo":{"@type":"ImageObject","@id":"\/logo.png","url":"\/logo.png","width":600,"height":60}},"image":{"@type":"ImageObject","@id":"https:\/\/www.littlecarp.cz\/wp-content\/uploads\/img_a300193_w1925_t1510249312.jpg","url":"https:\/\/www.littlecarp.cz\/wp-content\/uploads\/img_a300193_w1925_t1510249312.jpg","height":0,"width":0},"url":"https:\/\/www.littlecarp.cz\/ceska-architektura\/","about":["Kultura"],"wordCount":443,"articleBody":"&#13; Po cel\u00e9 \u010cesk\u00e9 republice m\u016f\u017eete naj\u00edt mnoho p\u0159ekr\u00e1sn\u00fdch pam\u00e1tek. Nejv\u00edce se u n\u00e1s uplatnila Rom\u00e1nsk\u00e1 kultura, gotika, baroko \u010di secese.&#13; Rom\u00e1nsk\u00fd sloh najdete p\u0159ev\u00e1\u017en\u011b v na\u0161em hlavn\u00edm m\u011bst\u011b Praze. P\u0159\u00edkladn\u00fdmi stavbami jsou nap\u0159\u00edklad Rotunda svat\u00e9ho Martina \u010di Rotunda svat\u00e9ho K\u0159\u00ed\u017ee.&#13; Gotika se za\u010dala vytv\u00e1\u0159et ji\u017e v roce 1233. Ve stylu gotiky je nap\u0159\u00edklad postaven Ane\u017esk\u00fd kl\u00e1\u0161ter, r\u016fzn\u00e9 baziliky a kostely. D\u00e1le se pak rozv\u00edjela za vl\u00e1dy Karla IV, kter\u00fd nechal vystav\u011bt Karl\u016fv most nebo Karl\u0161tejn.&#13; Ve stylu baroka u n\u00e1s m\u016f\u017eete naj\u00edt nap\u0159\u00edklad \u010cern\u00ednsk\u00fd pal\u00e1c, letohr\u00e1dek v Tr\u00f3ji nebo kostel sv. Mikul\u00e1\u0161e.&#13; Secese za\u010dala b\u00fdt velmi obl\u00edben\u00e1 na p\u0159elomu 19. a 20. stolet\u00ed. Ve stylu secese m\u016f\u017eete dnes vid\u011bt Obecn\u00ed d\u016fm v Praze \u010di Kova\u0159ovicovu vilu.&#13; V druh\u00e9 polovin\u011b 20. stolet\u00ed p\u0159i\u0161el na \u0159adu socialistick\u00fd realismus, do n\u011bj\u017e m\u016f\u017eeme za\u0159adit s\u00eddli\u0161t\u011b Poruby v Ostrav\u011b nebo hotel Jalta v Praze.&#13; Pozd\u011bji p\u0159i\u0161el na \u0159adu tzv. \u010cesk\u00fd brutalismus. V tomto stylu je postaven nap\u0159\u00edklad hotel Thermal v Karlov\u00fdch Varech nebo obchodn\u00ed d\u016fm Kotva v Praze.&#13; Hlavn\u011b ve 20. stolet\u00ed stavby pro\u0161ly mnoh\u00fdmi zm\u011bnami. Stavby se neli\u0161ily pouze styly ale tak\u00e9 politick\u00fdmi a spole\u010densk\u00fdmi situacemi.&#13; Existuj\u00ed st\u00e1le i stavby, kter\u00fdm z\u0159ejm\u011b doba nep\u0159\u00e1la a nejsou tak kr\u00e1sn\u00e9 jako stavby dne\u0161n\u00ed. Zbour\u00e1no bylo u\u017e mnoho staveb, mezi kter\u00e9 pat\u0159\u00ed nap\u0159\u00edklad hotel Praha nebo obchodn\u00ed d\u016fm Je\u0161t\u011bd. Stavby, kter\u00e9 se v dne\u0161n\u00ed dob\u011b bouraj\u00ed, byly postaveny hlavn\u011b mezi lety 1950 \u2013 1990. Mnoho pam\u00e1tk\u00e1\u0159\u016f ale s bour\u00e1n\u00edm n\u011bkter\u00fdch staveb nesouhlas\u00ed a \u010dasto nad nimi v\u00e1haj\u00ed. V dne\u0161n\u00ed dob\u011b m\u016f\u017eete vid\u011bt na m\u00edst\u011b b\u00fdval\u00e9ho hotelu Praha pouze zelenaj\u00edc\u00ed se tr\u00e1vu.&#13; Ale zase na druhou stranu ka\u017ed\u00e1 ze staveb na\u0161eho st\u00e1tu m\u00e1 n\u011bco do sebe a m\u00e1 v sob\u011b ur\u010ditou p\u0159\u00edsnost.&#13; V posledn\u00edch letech se st\u00e1le vyd\u00e1v\u00e1 v\u00edce a v\u00edce knih o \u010desk\u00e9 architektu\u0159e, kde se ka\u017ed\u00fdm rokem dozv\u00edte, jak\u00e9 kr\u00e1sn\u00e9 nov\u00e9 stavby op\u011bt vznikly. Ur\u010dit\u011b stoj\u00ed za to tyto knihy alespo\u0148 prolistovat, pokud se opravdu o architekturu n\u011bjak\u00fdm zp\u016fsobem zaj\u00edm\u00e1te. Pokud byste se cht\u011bli dozv\u011bd\u011bt v\u00edce informac\u00ed, nev\u00e1hejte nav\u0161t\u00edvit .                                                                                                                                                                                                                                                                                                                                                                                        4.4\/5 - (7 votes)        "},{"@context":"https:\/\/schema.org\/","@type":"BreadcrumbList","itemListElement":[{"@type":"ListItem","position":1,"name":"\u010cesk\u00e1 architektura","item":"https:\/\/www.littlecarp.cz\/ceska-architektura\/#breadcrumbitem"}]}]